{"id":826,"date":"2021-05-04T07:49:52","date_gmt":"2021-05-04T07:49:52","guid":{"rendered":"http:\/\/www.bratov-smuk.si\/?p=826"},"modified":"2021-05-04T07:49:52","modified_gmt":"2021-05-04T07:49:52","slug":"koncno-nam-je-uspelo-polepsali-smo-vhod-v-naso-solo","status":"publish","type":"post","link":"https:\/\/www.bratov-smuk.si\/?p=826","title":{"rendered":"Kon\u010dno nam je uspelo &#8211; polep\u0161ali smo vhod v na\u0161o \u0161olo"},"content":{"rendered":"<div class=\"entry-content\" itemprop=\"text\">\n<p>Na Osnovni \u0161oli Matije \u010copa Kranj smo \u017ee drugo leto vklju\u010deni v mednarodni projekt POGUM (Podjetni\u0161tvo, gradnik zaupanja mladih), v okviru katerega se trudimo pri u\u010dencih razvijati podjetni\u0161ke ve\u0161\u010dine.<\/p>\n<p>V tem \u0161olskem letu so u\u010denci predlagali, da bi prazna korita pred \u0161olo nasadili z ro\u017eicami in tako polep\u0161ali vhod v na\u0161o \u0161olo.<\/p>\n<p>Za\u010delo se je raziskovanje. U\u010denci \u0161estega razreda so najprej pre\u0161teli in premerili korita, ugotavljali, koliko sadik in prsti potrebujemo ter koliko bi to stalo. Ob kon\u010dni vsoti denarja so se kar zgrozili! Le kje naj dobijo toliko denarja? In kam naj se odpravijo po ro\u017eice in zemljo?<\/p>\n<p>Pri\u0161li so na idejo, da bi za pomo\u010d zaprosili bli\u017enje vrtnarije in cvetli\u010darne, Krajevno skupnost Bratov Smuk pa bi prosili, \u010de so pripravljeni prispevati nekaj denarja. V ta namen so pri uri sloven\u0161\u010dine sestavili uradno pro\u0161njo in tri u\u010denke so jo lastnoro\u010dno odnesle v cvetli\u010darno, ki stoji tik ob na\u0161i \u0161oli. Gospod Ale\u0161 Forjani\u010d iz Cvetli\u010darstva Ale\u0161 nam je takoj prisko\u010dil na pomo\u010d in povedal, da je Krajevna skupnost bratov Smuk \u017ee lani \u017eelela prispevati denar za ro\u017eice, a so jim izredne razmere v dr\u017eavi to prepre\u010dile. Njihova ponudba zato \u0161e vedno velja! Povabil nas je, naj se \u010dim prej oglasimo pri njem in si izberemo toliko ro\u017eic, kolikor jih potrebujemo. Z veseljem smo \u0161li v akcijo!<\/p>\n<p>U\u010denci prvega in tretjega razreda so \u010dez nekaj dni od\u0161li v Cvetli\u010darstvo Ale\u0161, kjer sta jih \u017ee \u010dakali gospa Manja Zorko, predsednica Krajevne skupnosti bratov Smuk, in gospa cvetli\u010darka Darja Raj\u0161i\u010d. U\u010denci so lahko sami izbrali vsak po dve ro\u017eici, skupno okrog 130 sadik. Gospa Darja jim je ob tem povedala tudi marsikaj zanimivega o gojenju ro\u017e in poklicu vrtnarja.<\/p>\n<p><a href=\"http:\/\/www.bratov-smuk.si\/wp-content\/uploads\/2021\/05\/20210326_110322.jpg\"><img loading=\"lazy\" class=\"alignnone size-medium wp-image-827\" src=\"http:\/\/www.bratov-smuk.si\/wp-content\/uploads\/2021\/05\/20210326_110322-300x225.jpg\" alt=\"\" width=\"300\" height=\"225\" srcset=\"https:\/\/www.bratov-smuk.si\/wp-content\/uploads\/2021\/05\/20210326_110322-300x225.jpg 300w, https:\/\/www.bratov-smuk.si\/wp-content\/uploads\/2021\/05\/20210326_110322-768x576.jpg 768w, https:\/\/www.bratov-smuk.si\/wp-content\/uploads\/2021\/05\/20210326_110322-1024x768.jpg 1024w, https:\/\/www.bratov-smuk.si\/wp-content\/uploads\/2021\/05\/20210326_110322-640x480.jpg 640w, https:\/\/www.bratov-smuk.si\/wp-content\/uploads\/2021\/05\/20210326_110322-48x36.jpg 48w, https:\/\/www.bratov-smuk.si\/wp-content\/uploads\/2021\/05\/20210326_110322-160x120.jpg 160w\" sizes=\"(max-width: 300px) 100vw, 300px\" \/><\/a><\/p>\n<p>Naslednji dan so u\u010denci svoje sadike s pomo\u010djo gospe Darje in svojih u\u010diteljic z navdu\u0161enjem posadili v korita. Vsak od njih je svoji dve ro\u017eici, ki ju je v cvetli\u010darni sam izbral, tudi ozna\u010dil s podpisom na kamen\u010dku.<\/p>\n<p><a href=\"http:\/\/www.bratov-smuk.si\/wp-content\/uploads\/2021\/05\/20210329_0850430.jpg\"><img loading=\"lazy\" class=\"alignnone size-medium wp-image-828\" src=\"http:\/\/www.bratov-smuk.si\/wp-content\/uploads\/2021\/05\/20210329_0850430-300x169.jpg\" alt=\"\" width=\"300\" height=\"169\" srcset=\"https:\/\/www.bratov-smuk.si\/wp-content\/uploads\/2021\/05\/20210329_0850430-300x169.jpg 300w, https:\/\/www.bratov-smuk.si\/wp-content\/uploads\/2021\/05\/20210329_0850430-768x432.jpg 768w, https:\/\/www.bratov-smuk.si\/wp-content\/uploads\/2021\/05\/20210329_0850430-1024x576.jpg 1024w, https:\/\/www.bratov-smuk.si\/wp-content\/uploads\/2021\/05\/20210329_0850430-640x360.jpg 640w, https:\/\/www.bratov-smuk.si\/wp-content\/uploads\/2021\/05\/20210329_0850430-48x27.jpg 48w\" sizes=\"(max-width: 300px) 100vw, 300px\" \/><\/a><a href=\"http:\/\/www.bratov-smuk.si\/wp-content\/uploads\/2021\/05\/20210329_101144.jpg\"><img loading=\"lazy\" class=\"alignnone size-medium wp-image-829\" src=\"http:\/\/www.bratov-smuk.si\/wp-content\/uploads\/2021\/05\/20210329_101144-300x225.jpg\" alt=\"\" width=\"300\" height=\"225\" srcset=\"https:\/\/www.bratov-smuk.si\/wp-content\/uploads\/2021\/05\/20210329_101144-300x225.jpg 300w, https:\/\/www.bratov-smuk.si\/wp-content\/uploads\/2021\/05\/20210329_101144-768x576.jpg 768w, https:\/\/www.bratov-smuk.si\/wp-content\/uploads\/2021\/05\/20210329_101144-1024x768.jpg 1024w, https:\/\/www.bratov-smuk.si\/wp-content\/uploads\/2021\/05\/20210329_101144-640x480.jpg 640w, https:\/\/www.bratov-smuk.si\/wp-content\/uploads\/2021\/05\/20210329_101144-48x36.jpg 48w, https:\/\/www.bratov-smuk.si\/wp-content\/uploads\/2021\/05\/20210329_101144-160x120.jpg 160w\" sizes=\"(max-width: 300px) 100vw, 300px\" \/><\/a><\/p>\n<p>Ker smo se bali, da nam ro\u017eic ne bi kdo odnesel ali jih po\u0161kodoval, so u\u010denci petega razreda naredili zanimive opozorilne table in jih vstavili v korita.<\/p>\n<p><a href=\"http:\/\/www.bratov-smuk.si\/wp-content\/uploads\/2021\/05\/20210329_121015.jpg\"><img loading=\"lazy\" class=\"alignnone size-medium wp-image-830\" src=\"http:\/\/www.bratov-smuk.si\/wp-content\/uploads\/2021\/05\/20210329_121015-300x225.jpg\" alt=\"\" width=\"300\" height=\"225\" srcset=\"https:\/\/www.bratov-smuk.si\/wp-content\/uploads\/2021\/05\/20210329_121015-300x225.jpg 300w, https:\/\/www.bratov-smuk.si\/wp-content\/uploads\/2021\/05\/20210329_121015-768x576.jpg 768w, https:\/\/www.bratov-smuk.si\/wp-content\/uploads\/2021\/05\/20210329_121015-1024x768.jpg 1024w, https:\/\/www.bratov-smuk.si\/wp-content\/uploads\/2021\/05\/20210329_121015-640x480.jpg 640w, https:\/\/www.bratov-smuk.si\/wp-content\/uploads\/2021\/05\/20210329_121015-48x36.jpg 48w, https:\/\/www.bratov-smuk.si\/wp-content\/uploads\/2021\/05\/20210329_121015-160x120.jpg 160w\" sizes=\"(max-width: 300px) 100vw, 300px\" \/><\/a><\/p>\n<p>Prav lu\u0161tno je pogledati mimoido\u010de krajane in u\u010dence, ki se radi ustavljajo ob na\u0161ih cvetli\u010dnih koritih in jih ob\u010dudujejo. Vsi u\u010denci in delavci na\u0161e \u0161ole pa smo ponosni in hvale\u017eni, da je prostor pred vhodom v \u0161olo zdaj \u0161e bolj prijeten.<\/p>\n<p>V za\u010detku aprila nam vreme \u017eal ni bilo naklonjeno. Bilo je hladno, vse je zmrzovalo. Na\u0161 hi\u0161nik je ro\u017eice za\u0161\u010ditil z za\u0161\u010ditnimi vre\u010dami in upamo, da jih je re\u0161il pozebe.<\/p>\n<p>Cvetli\u010darstvu Ale\u0161 in Krajevni skupnosti Bratov Smuk, zlasti gospe Darji in gospe Manji, se iskreno zahvaljujemo za \u010das, ki sta nam ga namenili, za vso njuno pomo\u010d in prijaznost. Pokazali sta nam, da lahko s skupnimi mo\u010dmi naredimo veliko dobrega in da se lahko ob tem celo zabavamo. Sodelovanje z njima nam bo za vedno ostalo v lepem spominu.<\/p>\n<p>Vas zanima, kaj so o tem povedali na\u0161i u\u010denci 1. in 3. razredov? Tukaj je nekaj njihovih misli.<\/p>\n<ul>\n<li><span style=\"color: #339966;\">Tako sva sadili z babico.<\/span><\/li>\n<li><span style=\"color: #339966;\">Jaz bom cvetli\u010dar, to je super!<\/span><\/li>\n<li><span style=\"color: #339966;\">Nisem vedel, da mora biti jamica tako globoka.<\/span><\/li>\n<li><span style=\"color: #339966;\">Tudi doma bom sadil in mamici povedal, da znam, ker mi ni pustila, da ji pomagam, ko je presajala ro\u017ee.<\/span><\/li>\n<\/ul>\n<ul>\n<li><span style=\"color: #339966;\">Kako lepe so ro\u017ee!<\/span><\/li>\n<li><span style=\"color: #339966;\">Bilo je zelo fino saditi ro\u017ee, da bodo na\u0161a korita lepa.<\/span><\/li>\n<li><span style=\"color: #339966;\">Bilo je lepo, ko smo \u0161li v vrtnarijo in smo lahko izbrali lepe ro\u017ee za na\u0161a korita.<\/span><\/li>\n<li><span style=\"color: #339966;\">Pri sajenju nisem bil zraven, ker sem bil bolan, ampak sem v torek videl, kako lepo je posajeno.<\/span><\/li>\n<\/ul>\n<ul>\n<li><span style=\"color: #339966;\">V tej vrtnariji imajo najlep\u0161e ro\u017ee!<\/span><\/li>\n<li><span style=\"color: #339966;\">Nau\u010dil sem se, kako se pravilno posadi ro\u017ee, katere morajo biti na soncu in katere v senci.<\/span><\/li>\n<li><span style=\"color: #339966;\">Spoznala sem, da je treba za rastline skrbeti in jih pravilno zalivati.<\/span><\/li>\n<li><span style=\"color: #339966;\">Na\u0161a \u0161ola je sedaj lep\u0161a.<\/span><\/li>\n<li><span style=\"color: #339966;\">Upam, da jih ne bo kdo utrgal!<\/span><\/li>\n<li><span style=\"color: #339966;\">Ob svojo ro\u017eico sem dala kamen\u010dek.<\/span><\/li>\n<li><span style=\"color: #339966;\">Za ro\u017eice bomo lepo skrbeli.<\/span><\/li>\n<\/ul>\n<p>&nbsp;<\/p>\n<p>U\u010denci in u\u010diteljice O\u0160 Matije \u010copa Kranj, ki sodelujejo v projektu Pogum<\/p>\n<p>&nbsp;<\/p>\n<blockquote>\n<p style=\"padding-left: 30px;\"><span style=\"color: #333399;\">Ne \u010dakaj, da ti nekdo prinese \u0161opek ro\u017e. Zasadi svoj vrt in okrasi svojo du\u0161o. (neznani avtor)<\/span><\/p>\n<\/blockquote>\n<p style=\"padding-left: 30px;\"><span style=\"color: #333399;\">Po tej lepi misli, bi se lahko reklo, da nikoli ni prepozno, da si omislimo svojo gredico, okrasimo ko\u0161\u010dek vrta, tudi kot korito. Zato smo se odlo\u010dili, da z O\u0160 Matije \u010copa zasadimo in pole\u0161amo 22 korit okoli \u0161ole, z \u017eeljo, da u\u010denci spoznajo vrste rastlinja, nego in da spremljajo celotno vegetacijo. U\u010denci so skrbno sami zbrali svoje cvetlice ter jih tudi sami posadili v korita. Bistvo tega je, da so spoznali postopek zasaditve, zemljo ter zalivanje in seveda spremljanje rasti, in konec koncev, da bodo ponosni na svoj gojitveni uspeh. \u017delja je, da se tako u\u010denci nau\u010dijo sodelovanja z naravo in sobivanja v urbanem okolju in da spoznajo, da tudi v betonski d\u017eungli lahko vzgajamo cvetlice.<\/span><\/p>\n<p style=\"padding-left: 30px;\"><span style=\"color: #333399;\">Va\u0161a KS bratov Smuk in Cvetli\u010darstvo Ale\u0161<\/span><\/p>\n<p style=\"padding-left: 30px;\">\n<p>&nbsp;<\/p>\n\n\n<\/div>\n","protected":false},"excerpt":{"rendered":"<div class=\"entry-summary\" itemprop=\"text\">\n<p>Na Osnovni \u0161oli Matije \u010copa Kranj smo \u017ee drugo leto vklju\u010deni v mednarodni projekt POGUM (Podjetni\u0161tvo, gradnik zaupanja mladih), v okviru katerega se trudimo pri u\u010dencih razvijati podjetni\u0161ke ve\u0161\u010dine. V tem \u0161olskem letu so u\u010denci predlagali, da bi prazna korita pred \u0161olo nasadili z ro\u017eicami in tako polep\u0161ali vhod v na\u0161o \u0161olo. Za\u010delo se je &#8230;<\/p>\n\n<\/div>\n","protected":false},"author":1,"featured_media":829,"comment_status":"open","ping_status":"closed","sticky":false,"template":"","format":"standard","meta":[],"categories":[1],"tags":[],"_links":{"self":[{"href":"https:\/\/www.bratov-smuk.si\/index.php?rest_route=\/wp\/v2\/posts\/826"}],"collection":[{"href":"https:\/\/www.bratov-smuk.si\/index.php?rest_route=\/wp\/v2\/posts"}],"about":[{"href":"https:\/\/www.bratov-smuk.si\/index.php?rest_route=\/wp\/v2\/types\/post"}],"author":[{"embeddable":true,"href":"https:\/\/www.bratov-smuk.si\/index.php?rest_route=\/wp\/v2\/users\/1"}],"replies":[{"embeddable":true,"href":"https:\/\/www.bratov-smuk.si\/index.php?rest_route=%2Fwp%2Fv2%2Fcomments&post=826"}],"version-history":[{"count":1,"href":"https:\/\/www.bratov-smuk.si\/index.php?rest_route=\/wp\/v2\/posts\/826\/revisions"}],"predecessor-version":[{"id":831,"href":"https:\/\/www.bratov-smuk.si\/index.php?rest_route=\/wp\/v2\/posts\/826\/revisions\/831"}],"wp:featuredmedia":[{"embeddable":true,"href":"https:\/\/www.bratov-smuk.si\/index.php?rest_route=\/wp\/v2\/media\/829"}],"wp:attachment":[{"href":"https:\/\/www.bratov-smuk.si\/index.php?rest_route=%2Fwp%2Fv2%2Fmedia&parent=826"}],"wp:term":[{"taxonomy":"category","embeddable":true,"href":"https:\/\/www.bratov-smuk.si\/index.php?rest_route=%2Fwp%2Fv2%2Fcategories&post=826"},{"taxonomy":"post_tag","embeddable":true,"href":"https:\/\/www.bratov-smuk.si\/index.php?rest_route=%2Fwp%2Fv2%2Ftags&post=826"}],"curies":[{"name":"wp","href":"https:\/\/api.w.org\/{rel}","templated":true}]}}