{"id":610,"date":"2018-09-26T12:30:24","date_gmt":"2018-09-26T12:30:24","guid":{"rendered":"http:\/\/www.bratov-smuk.si\/?p=610"},"modified":"2018-09-26T12:30:46","modified_gmt":"2018-09-26T12:30:46","slug":"kubanska-salsa-na-planini-2-zacetni-tecaj","status":"publish","type":"post","link":"https:\/\/www.bratov-smuk.si\/?p=610","title":{"rendered":"Kubanska salsa na Planini 2 &#8211; za\u010detni te\u010daj"},"content":{"rendered":"<div class=\"entry-content\" itemprop=\"text\">\n<p>\u26a0\ufe0fV Kranju se bo spet plesalo po kubansko!\u26a0\ufe0f<\/p>\n<p>V na\u0161i krajevni skupnosti v plesnem studiu Impulz (Cesta Talcev 67) se bo v mesecu oktobru odvijal te\u010daj kubanske salse v izvedbi Plesnega dru\u0161tva Alma Eslovena \u00a0ki bo prepleten s pozitivno energijo, energi\u010dno glasbo, dobrimi u\u010ditelji, odli\u010dnim vzdu\u0161jem in zabavo.<br \/>\nPridite vsi, ki se \u017eelite nau\u010diti salse, zabavnih figur in spro\u0161\u010denega u\u017eivanja na plesi\u0161\u010du.<\/p>\n<p>Prijave na <a href=\"https:\/\/www.almaeslovena.si\/prijava.php\" target=\"_blank\" rel=\"nofollow noopener\" data-lynx-mode=\"hover\" data-lynx-uri=\"https:\/\/l.facebook.com\/l.php?u=https%3A%2F%2Fwww.almaeslovena.si%2Fprijava.php&amp;h=AT0qurFEZjXTh5EELKEokyZNwtqaMhHYyvOE-hULNlScc_SgwKU9yOdh6X7a4icImnjbUmg-mWsVaD9VE5R5jpi_Y4cX7pq04JMye4b_cWZpElEFiv2vGAv5_Uw85Kv5fSM1hoI\">https:\/\/www.almaeslovena.si\/prijava.php<\/a> ali mail: info@almaeslovena.si.<\/p>\n<p><a href=\"http:\/\/www.bratov-smuk.si\/wp-content\/uploads\/2018\/09\/kubanska-salsa.jpg\"><img loading=\"lazy\" class=\"alignnone size-medium wp-image-611\" src=\"http:\/\/www.bratov-smuk.si\/wp-content\/uploads\/2018\/09\/kubanska-salsa-300x157.jpg\" alt=\"\" width=\"300\" height=\"157\" srcset=\"https:\/\/www.bratov-smuk.si\/wp-content\/uploads\/2018\/09\/kubanska-salsa-300x157.jpg 300w, https:\/\/www.bratov-smuk.si\/wp-content\/uploads\/2018\/09\/kubanska-salsa-768x402.jpg 768w, https:\/\/www.bratov-smuk.si\/wp-content\/uploads\/2018\/09\/kubanska-salsa-640x335.jpg 640w, https:\/\/www.bratov-smuk.si\/wp-content\/uploads\/2018\/09\/kubanska-salsa-48x25.jpg 48w, https:\/\/www.bratov-smuk.si\/wp-content\/uploads\/2018\/09\/kubanska-salsa.jpg 960w\" sizes=\"(max-width: 300px) 100vw, 300px\" \/><\/a><\/p>\n\n\n<\/div>\n","protected":false},"excerpt":{"rendered":"<div class=\"entry-summary\" itemprop=\"text\">\n<p>\u26a0\ufe0fV Kranju se bo spet plesalo po kubansko!\u26a0\ufe0f V na\u0161i krajevni skupnosti v plesnem studiu Impulz (Cesta Talcev 67) se bo v mesecu oktobru odvijal te\u010daj kubanske salse v izvedbi Plesnega dru\u0161tva Alma Eslovena \u00a0ki bo prepleten s pozitivno energijo, energi\u010dno glasbo, dobrimi u\u010ditelji, odli\u010dnim vzdu\u0161jem in zabavo. Pridite vsi, ki se \u017eelite nau\u010diti salse, &#8230;<\/p>\n\n<\/div>\n","protected":false},"author":1,"featured_media":611,"comment_status":"open","ping_status":"closed","sticky":false,"template":"","format":"standard","meta":[],"categories":[10],"tags":[],"_links":{"self":[{"href":"https:\/\/www.bratov-smuk.si\/index.php?rest_route=\/wp\/v2\/posts\/610"}],"collection":[{"href":"https:\/\/www.bratov-smuk.si\/index.php?rest_route=\/wp\/v2\/posts"}],"about":[{"href":"https:\/\/www.bratov-smuk.si\/index.php?rest_route=\/wp\/v2\/types\/post"}],"author":[{"embeddable":true,"href":"https:\/\/www.bratov-smuk.si\/index.php?rest_route=\/wp\/v2\/users\/1"}],"replies":[{"embeddable":true,"href":"https:\/\/www.bratov-smuk.si\/index.php?rest_route=%2Fwp%2Fv2%2Fcomments&post=610"}],"version-history":[{"count":1,"href":"https:\/\/www.bratov-smuk.si\/index.php?rest_route=\/wp\/v2\/posts\/610\/revisions"}],"predecessor-version":[{"id":612,"href":"https:\/\/www.bratov-smuk.si\/index.php?rest_route=\/wp\/v2\/posts\/610\/revisions\/612"}],"wp:featuredmedia":[{"embeddable":true,"href":"https:\/\/www.bratov-smuk.si\/index.php?rest_route=\/wp\/v2\/media\/611"}],"wp:attachment":[{"href":"https:\/\/www.bratov-smuk.si\/index.php?rest_route=%2Fwp%2Fv2%2Fmedia&parent=610"}],"wp:term":[{"taxonomy":"category","embeddable":true,"href":"https:\/\/www.bratov-smuk.si\/index.php?rest_route=%2Fwp%2Fv2%2Fcategories&post=610"},{"taxonomy":"post_tag","embeddable":true,"href":"https:\/\/www.bratov-smuk.si\/index.php?rest_route=%2Fwp%2Fv2%2Ftags&post=610"}],"curies":[{"name":"wp","href":"https:\/\/api.w.org\/{rel}","templated":true}]}}